{"id":1102,"date":"2022-11-01T12:53:23","date_gmt":"2022-11-01T16:53:23","guid":{"rendered":"https:\/\/celebrateindigenous.ca\/story\/bonnie\/"},"modified":"2023-02-04T11:47:34","modified_gmt":"2023-02-04T16:47:34","slug":"bonnie","status":"publish","type":"story","link":"https:\/\/celebrateindigenous.ca\/fr\/story\/bonnie\/","title":{"rendered":"Bonnie"},"content":{"rendered":"<div  data-blockid=\"block_1cc928f57ee93d1e1ddcdecbd32ee2d4\" class=\"section-block acf-wp-block acf-wp-block-parent-container acf-wp-block-section-group is-frontend-view has-spacing pt-small pb-medium  has-gradient-background has-light-green-to-sky-green-top-to-bottom-gradient-background has-image-background \">\n\n  <div class=\"inner-container\">\n      <div class=\"has-innerblocks\">\n        <!--<div class=\"panel-spacing \">-->\n          <div class=\"o-container is-container-justification-center \">\n            <div class=\"innerblocks-wrapper\" style=\"--wp--custom--blocks--section-group--inner-container-width:100%; \">\n              \n\n<div class=\"wp-block-columns is-layout-flex wp-container-core-columns-is-layout-6e4fb47d wp-block-columns-is-layout-flex\" style=\"padding-top:30px;padding-right:0px;padding-bottom:40px;padding-left:0px\">\n<div class=\"wp-block-column is-layout-flow wp-container-core-column-is-layout-fe0e2ea3 wp-block-column-is-layout-flow\" style=\"flex-basis:30%\"><h2 style=\"line-height:1;\" class=\"wp-block-post-title has-text-color has-purple-color\">Bonnie<\/h2>\n\n\n<h2 class=\"has-wp-block-heading-h5 has-main-font-font-family wp-block-heading\" style=\"font-style:normal;font-weight:300;line-height:1\">M\u00e9tis <br>Prince Albert<\/h2>\n<\/div>\n\n\n\n<div class=\"wp-block-column is-layout-flow wp-block-column-is-layout-flow\">\n<p>Pour Bonnie, l\u2019\u00e9ducation permet d\u2019assurer un avenir meilleur pour les Autochtones, les Inuits et les M\u00e9tis ainsi que d\u2019am\u00e9liorer les relations avec les Canadiens non autochtones. Son amie Tammy l\u2019admire pour sa compassion, que Bonnie d\u00e9montre tous les jours dans son r\u00f4le d\u2019enseignante au secondaire et dans son implication aupr\u00e8s de la communaut\u00e9 m\u00e9tisse.<\/p>\n<\/div>\n<\/div>\n\n\n\n<figure class=\"wp-block-embed is-type-video is-provider-youtube wp-block-embed-youtube wp-embed-aspect-16-9 wp-has-aspect-ratio\"><div class=\"wp-block-embed__wrapper\">\n<iframe loading=\"lazy\" title=\"She is compassionate - Bonnie\" width=\"640\" height=\"360\" src=\"https:\/\/www.youtube.com\/embed\/3-NtqkezsAc?feature=oembed\" frameborder=\"0\" allow=\"accelerometer; autoplay; clipboard-write; encrypted-media; gyroscope; picture-in-picture; web-share\" referrerpolicy=\"strict-origin-when-cross-origin\" allowfullscreen><\/iframe>\n<\/div><\/figure>\n\n\n            <\/div>\n          <\/div>\n\n        <!--<\/div>-->\n      <\/div>\n  <\/div>\n      <img decoding=\"async\" class=\"wp-block-image-background has-object-fit-cover\" src=\"https:\/\/celebrateindigenous.ca\/wp-content\/uploads\/2022\/10\/topographic-line-v3.png\" alt=\"\"\/>\n  <\/div>\n\n\n<div  data-blockid=\"block_7111b7c92fed79b931d1e33fcca21912\" class=\"section-block acf-wp-block acf-wp-block-parent-container acf-wp-block-section-group is-frontend-view has-spacing pt-small pb-small    \">\n\n  <div class=\"inner-container\">\n      <div class=\"has-innerblocks\">\n        <!--<div class=\"panel-spacing \">-->\n          <div class=\"o-container is-container-justification-center \">\n            <div class=\"innerblocks-wrapper\" style=\"--wp--custom--blocks--section-group--inner-container-width:100%; \">\n              \n\n<div class=\"wp-block-columns is-layout-flex wp-container-core-columns-is-layout-315e0bc2 wp-block-columns-is-layout-flex\" style=\"padding-top:20px;padding-right:0px;padding-bottom:0px;padding-left:0px\">\n<div class=\"wp-block-column is-layout-flow wp-block-column-is-layout-flow\" style=\"flex-basis:70%\">\n<p><strong>Au sujet de la vid\u00e9o&nbsp;: Prince Albert et les M\u00e9tis en Saskatchewan<\/strong><\/p>\n\n\n\n<p>La vid\u00e9o a \u00e9t\u00e9 film\u00e9e \u00e0 Prince Albert, en Saskatchewan. Il s\u2019agit de la troisi\u00e8me ville en importance dans la province. Prince Albert est aussi la ville qui compte le plus d\u2019Autochtones par habitant au Canada.<\/p>\n\n\n\n<p>Les M\u00e9tis se sont install\u00e9s en Saskatchewan en raison du commerce des fourrures. Ils y ont \u00e9tabli des communaut\u00e9s dans le nord, le centre et le sud de la province. Certains des plus importants \u00e9tablissements comprennent Qu\u2019Appelle, Willowbunch, St. Albert, \u00cele-\u00e0-la-Crosse et Batoche, o\u00f9 la derni\u00e8re bataille de la R\u00e9bellion de la rivi\u00e8re Rouge a eu lieu.<\/p>\n\n\n\n<figure class=\"wp-block-image size-full\"><img loading=\"lazy\" decoding=\"async\" width=\"930\" height=\"535\" src=\"https:\/\/celebrateindigenous.ca\/wp-content\/uploads\/2022\/11\/Bonnie.jpg\" alt=\"\" class=\"wp-image-999\" srcset=\"https:\/\/celebrateindigenous.ca\/wp-content\/uploads\/2022\/11\/Bonnie.jpg 930w, https:\/\/celebrateindigenous.ca\/wp-content\/uploads\/2022\/11\/Bonnie-300x173.jpg 300w, https:\/\/celebrateindigenous.ca\/wp-content\/uploads\/2022\/11\/Bonnie-768x442.jpg 768w, https:\/\/celebrateindigenous.ca\/wp-content\/uploads\/2022\/11\/Bonnie-800x460.jpg 800w, https:\/\/celebrateindigenous.ca\/wp-content\/uploads\/2022\/11\/Bonnie-869x500.jpg 869w, https:\/\/celebrateindigenous.ca\/wp-content\/uploads\/2022\/11\/Bonnie-608x350.jpg 608w\" sizes=\"auto, (max-width: 930px) 100vw, 930px\" \/><\/figure>\n\n\n\n<p>Tout comme les M\u00e9tis vivant ailleurs au Canada, de nombreux M\u00e9tis de la Saskatchewan se dont vu refuser des droits de propri\u00e9t\u00e9 pour des terres et sont consid\u00e9r\u00e9s comme des citoyens de deuxi\u00e8me ordre. La&nbsp;<a href=\"https:\/\/www.metisnationsk.com\/pages\/history.html\">premi\u00e8re organisation m\u00e9tisse de la province<\/a>&nbsp;(site en anglais) a \u00e9t\u00e9 cr\u00e9\u00e9e en 1935 et avait pour mandat d\u2019aider les M\u00e9tis lors de la grande d\u00e9pression. Aujourd\u2019hui, la nation est repr\u00e9sent\u00e9e par l\u2019organisme M\u00e9tis Nation of Saskatchewan ainsi que Les Filles de la Madeleine, qui d\u00e9fend les droits des femmes au Conseil.<\/p>\n\n\n\n<p>Apprenez-en davantage sur la culture m\u00e9tisse sur&nbsp;<a href=\"http:\/\/elleestautochtone.ca\/ressources\/\">notre page de ressources<\/a>.<\/p>\n\n\n\n<p>Partagez leurs histoires. Parlez de la v\u00f4tre. C\u00e9l\u00e9brez les femmes autochtones que vous connaissez en utilisant le mot-di\u00e8se&nbsp; #Arr\u00eaterLaViolenceAvecRespect<\/p>\n<\/div>\n\n\n\n<div class=\"wp-block-column is-layout-flow wp-block-column-is-layout-flow\">\n<figure class=\"wp-block-image aligncenter size-full\"><a href=\"https:\/\/www.google.ca\/maps\/place\/Prince+Albert,+SK\/@53.2167444,-105.8118281,11z\/data=!3m1!4b1!4m5!3m4!1s0x53010585d23add25:0xc30c9c446135fe27!8m2!3d53.2033494!4d-105.7530705\" target=\"_blank\" rel=\"noreferrer noopener\"><img loading=\"lazy\" decoding=\"async\" width=\"200\" height=\"200\" src=\"https:\/\/celebrateindigenous.ca\/wp-content\/uploads\/2022\/11\/prince-albert.png\" alt=\"\" class=\"wp-image-997\" srcset=\"https:\/\/celebrateindigenous.ca\/wp-content\/uploads\/2022\/11\/prince-albert.png 200w, https:\/\/celebrateindigenous.ca\/wp-content\/uploads\/2022\/11\/prince-albert-150x150.png 150w\" sizes=\"auto, (max-width: 200px) 100vw, 200px\" \/><\/a><\/figure>\n<\/div>\n<\/div>\n\n\n            <\/div>\n          <\/div>\n\n        <!--<\/div>-->\n      <\/div>\n  <\/div>\n  <\/div>\n","protected":false},"excerpt":{"rendered":"","protected":false},"featured_media":843,"template":"","campaign":[21],"class_list":["post-1102","story","type-story","status-publish","has-post-thumbnail","hentry","campaign-she-is-indigenous-fr"],"acf":[],"yoast_head":"<!-- This site is optimized with the Yoast SEO plugin v27.5 - https:\/\/yoast.com\/product\/yoast-seo-wordpress\/ -->\n<title>Bonnie | Celebrate Indigenous Strengths<\/title>\n<meta name=\"robots\" content=\"index, follow, max-snippet:-1, max-image-preview:large, max-video-preview:-1\" \/>\n<link rel=\"canonical\" href=\"https:\/\/celebrateindigenous.ca\/fr\/story\/bonnie\/\" \/>\n<meta property=\"og:locale\" content=\"fr_FR\" \/>\n<meta property=\"og:type\" content=\"article\" \/>\n<meta property=\"og:title\" content=\"Bonnie | Celebrate Indigenous Strengths\" \/>\n<meta property=\"og:url\" content=\"https:\/\/celebrateindigenous.ca\/fr\/story\/bonnie\/\" \/>\n<meta property=\"og:site_name\" content=\"Celebrate Indigenous Strengths\" \/>\n<meta property=\"article:modified_time\" content=\"2023-02-04T16:47:34+00:00\" \/>\n<meta property=\"og:image\" content=\"https:\/\/celebrateindigenous.ca\/wp-content\/uploads\/2022\/10\/LFMO-Bonnie-Tammy.jpg\" \/>\n\t<meta property=\"og:image:width\" content=\"800\" \/>\n\t<meta property=\"og:image:height\" content=\"800\" \/>\n\t<meta property=\"og:image:type\" content=\"image\/jpeg\" \/>\n<meta name=\"twitter:card\" content=\"summary_large_image\" \/>\n<meta name=\"twitter:label1\" content=\"Dur\u00e9e de lecture estim\u00e9e\" \/>\n\t<meta name=\"twitter:data1\" content=\"2 minutes\" \/>\n<script type=\"application\/ld+json\" class=\"yoast-schema-graph\">{\"@context\":\"https:\\\/\\\/schema.org\",\"@graph\":[{\"@type\":\"WebPage\",\"@id\":\"https:\\\/\\\/celebrateindigenous.ca\\\/fr\\\/story\\\/bonnie\\\/\",\"url\":\"https:\\\/\\\/celebrateindigenous.ca\\\/fr\\\/story\\\/bonnie\\\/\",\"name\":\"Bonnie | Celebrate Indigenous Strengths\",\"isPartOf\":{\"@id\":\"https:\\\/\\\/celebrateindigenous.ca\\\/#website\"},\"primaryImageOfPage\":{\"@id\":\"https:\\\/\\\/celebrateindigenous.ca\\\/fr\\\/story\\\/bonnie\\\/#primaryimage\"},\"image\":{\"@id\":\"https:\\\/\\\/celebrateindigenous.ca\\\/fr\\\/story\\\/bonnie\\\/#primaryimage\"},\"thumbnailUrl\":\"https:\\\/\\\/celebrateindigenous.ca\\\/wp-content\\\/uploads\\\/2022\\\/10\\\/LFMO-Bonnie-Tammy.jpg\",\"datePublished\":\"2022-11-01T16:53:23+00:00\",\"dateModified\":\"2023-02-04T16:47:34+00:00\",\"breadcrumb\":{\"@id\":\"https:\\\/\\\/celebrateindigenous.ca\\\/fr\\\/story\\\/bonnie\\\/#breadcrumb\"},\"inLanguage\":\"fr-FR\",\"potentialAction\":[{\"@type\":\"ReadAction\",\"target\":[\"https:\\\/\\\/celebrateindigenous.ca\\\/fr\\\/story\\\/bonnie\\\/\"]}]},{\"@type\":\"ImageObject\",\"inLanguage\":\"fr-FR\",\"@id\":\"https:\\\/\\\/celebrateindigenous.ca\\\/fr\\\/story\\\/bonnie\\\/#primaryimage\",\"url\":\"https:\\\/\\\/celebrateindigenous.ca\\\/wp-content\\\/uploads\\\/2022\\\/10\\\/LFMO-Bonnie-Tammy.jpg\",\"contentUrl\":\"https:\\\/\\\/celebrateindigenous.ca\\\/wp-content\\\/uploads\\\/2022\\\/10\\\/LFMO-Bonnie-Tammy.jpg\",\"width\":800,\"height\":800},{\"@type\":\"BreadcrumbList\",\"@id\":\"https:\\\/\\\/celebrateindigenous.ca\\\/fr\\\/story\\\/bonnie\\\/#breadcrumb\",\"itemListElement\":[{\"@type\":\"ListItem\",\"position\":1,\"name\":\"Home\",\"item\":\"https:\\\/\\\/celebrateindigenous.ca\\\/fr\\\/home\\\/\"},{\"@type\":\"ListItem\",\"position\":2,\"name\":\"Stories\",\"item\":\"https:\\\/\\\/celebrateindigenous.ca\\\/story\\\/\"},{\"@type\":\"ListItem\",\"position\":3,\"name\":\"Bonnie\"}]},{\"@type\":\"WebSite\",\"@id\":\"https:\\\/\\\/celebrateindigenous.ca\\\/#website\",\"url\":\"https:\\\/\\\/celebrateindigenous.ca\\\/\",\"name\":\"Celebrate Indigenous Strengths\",\"description\":\"Strengths-Based Indigenous campaigns by Les Femmes Michif Otipemisiwak\",\"potentialAction\":[{\"@type\":\"SearchAction\",\"target\":{\"@type\":\"EntryPoint\",\"urlTemplate\":\"https:\\\/\\\/celebrateindigenous.ca\\\/?s={search_term_string}\"},\"query-input\":{\"@type\":\"PropertyValueSpecification\",\"valueRequired\":true,\"valueName\":\"search_term_string\"}}],\"inLanguage\":\"fr-FR\"}]}<\/script>\n<!-- \/ Yoast SEO plugin. -->","yoast_head_json":{"title":"Bonnie | Celebrate Indigenous Strengths","robots":{"index":"index","follow":"follow","max-snippet":"max-snippet:-1","max-image-preview":"max-image-preview:large","max-video-preview":"max-video-preview:-1"},"canonical":"https:\/\/celebrateindigenous.ca\/fr\/story\/bonnie\/","og_locale":"fr_FR","og_type":"article","og_title":"Bonnie | Celebrate Indigenous Strengths","og_url":"https:\/\/celebrateindigenous.ca\/fr\/story\/bonnie\/","og_site_name":"Celebrate Indigenous Strengths","article_modified_time":"2023-02-04T16:47:34+00:00","og_image":[{"width":800,"height":800,"url":"https:\/\/celebrateindigenous.ca\/wp-content\/uploads\/2022\/10\/LFMO-Bonnie-Tammy.jpg","type":"image\/jpeg"}],"twitter_card":"summary_large_image","twitter_misc":{"Dur\u00e9e de lecture estim\u00e9e":"2 minutes"},"schema":{"@context":"https:\/\/schema.org","@graph":[{"@type":"WebPage","@id":"https:\/\/celebrateindigenous.ca\/fr\/story\/bonnie\/","url":"https:\/\/celebrateindigenous.ca\/fr\/story\/bonnie\/","name":"Bonnie | Celebrate Indigenous Strengths","isPartOf":{"@id":"https:\/\/celebrateindigenous.ca\/#website"},"primaryImageOfPage":{"@id":"https:\/\/celebrateindigenous.ca\/fr\/story\/bonnie\/#primaryimage"},"image":{"@id":"https:\/\/celebrateindigenous.ca\/fr\/story\/bonnie\/#primaryimage"},"thumbnailUrl":"https:\/\/celebrateindigenous.ca\/wp-content\/uploads\/2022\/10\/LFMO-Bonnie-Tammy.jpg","datePublished":"2022-11-01T16:53:23+00:00","dateModified":"2023-02-04T16:47:34+00:00","breadcrumb":{"@id":"https:\/\/celebrateindigenous.ca\/fr\/story\/bonnie\/#breadcrumb"},"inLanguage":"fr-FR","potentialAction":[{"@type":"ReadAction","target":["https:\/\/celebrateindigenous.ca\/fr\/story\/bonnie\/"]}]},{"@type":"ImageObject","inLanguage":"fr-FR","@id":"https:\/\/celebrateindigenous.ca\/fr\/story\/bonnie\/#primaryimage","url":"https:\/\/celebrateindigenous.ca\/wp-content\/uploads\/2022\/10\/LFMO-Bonnie-Tammy.jpg","contentUrl":"https:\/\/celebrateindigenous.ca\/wp-content\/uploads\/2022\/10\/LFMO-Bonnie-Tammy.jpg","width":800,"height":800},{"@type":"BreadcrumbList","@id":"https:\/\/celebrateindigenous.ca\/fr\/story\/bonnie\/#breadcrumb","itemListElement":[{"@type":"ListItem","position":1,"name":"Home","item":"https:\/\/celebrateindigenous.ca\/fr\/home\/"},{"@type":"ListItem","position":2,"name":"Stories","item":"https:\/\/celebrateindigenous.ca\/story\/"},{"@type":"ListItem","position":3,"name":"Bonnie"}]},{"@type":"WebSite","@id":"https:\/\/celebrateindigenous.ca\/#website","url":"https:\/\/celebrateindigenous.ca\/","name":"Celebrate Indigenous Strengths","description":"Strengths-Based Indigenous campaigns by Les Femmes Michif Otipemisiwak","potentialAction":[{"@type":"SearchAction","target":{"@type":"EntryPoint","urlTemplate":"https:\/\/celebrateindigenous.ca\/?s={search_term_string}"},"query-input":{"@type":"PropertyValueSpecification","valueRequired":true,"valueName":"search_term_string"}}],"inLanguage":"fr-FR"}]}},"_links":{"self":[{"href":"https:\/\/celebrateindigenous.ca\/fr\/wp-json\/wp\/v2\/story\/1102","targetHints":{"allow":["GET"]}}],"collection":[{"href":"https:\/\/celebrateindigenous.ca\/fr\/wp-json\/wp\/v2\/story"}],"about":[{"href":"https:\/\/celebrateindigenous.ca\/fr\/wp-json\/wp\/v2\/types\/story"}],"wp:featuredmedia":[{"embeddable":true,"href":"https:\/\/celebrateindigenous.ca\/fr\/wp-json\/wp\/v2\/media\/843"}],"wp:attachment":[{"href":"https:\/\/celebrateindigenous.ca\/fr\/wp-json\/wp\/v2\/media?parent=1102"}],"wp:term":[{"taxonomy":"campaign","embeddable":true,"href":"https:\/\/celebrateindigenous.ca\/fr\/wp-json\/wp\/v2\/campaign?post=1102"}],"curies":[{"name":"wp","href":"https:\/\/api.w.org\/{rel}","templated":true}]}}