{"id":1101,"date":"2022-11-01T12:48:34","date_gmt":"2022-11-01T16:48:34","guid":{"rendered":"https:\/\/celebrateindigenous.ca\/story\/lizzie\/"},"modified":"2023-02-04T11:47:04","modified_gmt":"2023-02-04T16:47:04","slug":"lizzie","status":"publish","type":"story","link":"https:\/\/celebrateindigenous.ca\/fr\/story\/lizzie\/","title":{"rendered":"Lizzie"},"content":{"rendered":"<div  data-blockid=\"block_05aae761a23de099130f7f1cea5884e2\" class=\"section-block acf-wp-block acf-wp-block-parent-container acf-wp-block-section-group is-frontend-view has-spacing pt-small pb-medium  has-gradient-background has-light-green-to-sky-green-top-to-bottom-gradient-background has-image-background \">\n\n  <div class=\"inner-container\">\n      <div class=\"has-innerblocks\">\n        <!--<div class=\"panel-spacing \">-->\n          <div class=\"o-container is-container-justification-center \">\n            <div class=\"innerblocks-wrapper\" style=\"--wp--custom--blocks--section-group--inner-container-width:100%; \">\n              \n\n<div class=\"wp-block-columns is-layout-flex wp-container-core-columns-is-layout-6e4fb47d wp-block-columns-is-layout-flex\" style=\"padding-top:30px;padding-right:0px;padding-bottom:40px;padding-left:0px\">\n<div class=\"wp-block-column is-layout-flow wp-container-core-column-is-layout-fe0e2ea3 wp-block-column-is-layout-flow\" style=\"flex-basis:30%\"><h2 style=\"line-height:1;\" class=\"wp-block-post-title has-text-color has-purple-color\">Lizzie<\/h2>\n\n\n<h2 class=\"has-wp-block-heading-h5 has-main-font-font-family wp-block-heading\" style=\"font-style:normal;font-weight:300;line-height:1\">Inuit <br>Kujjuaq<\/h2>\n<\/div>\n\n\n\n<div class=\"wp-block-column is-layout-flow wp-block-column-is-layout-flow\">\n<p>Aux yeux de Sheila, sa m\u00e8re Lizzie a toujours \u00e9t\u00e9 une femme forte. N\u00e9e et \u00e9lev\u00e9e \u00e0 Quaqtaq (Qu\u00e9bec), alors que la communaut\u00e9 ne comptait que 90 habitants, Lizzie a grandi en vivant de la terre et a \u00e9t\u00e9 t\u00e9moin d\u2019un grand changement dans le Nord. Suivant sa passion pour les soins de sant\u00e9, elle est d\u00e9m\u00e9nag\u00e9e \u00e0 Kuujjuaq, o\u00f9 elle a particip\u00e9 au lancement du programme Good Touch\/Bad Touch, qui a pour but d\u2019aider les enfants \u00e0 s\u2019exprimer.<\/p>\n<\/div>\n<\/div>\n\n\n\n<figure class=\"wp-block-embed is-type-video is-provider-youtube wp-block-embed-youtube wp-embed-aspect-16-9 wp-has-aspect-ratio\"><div class=\"wp-block-embed__wrapper\">\n<iframe loading=\"lazy\" title=\"She is strong - Lizzie\" width=\"640\" height=\"360\" src=\"https:\/\/www.youtube.com\/embed\/KMbqQGyQH98?feature=oembed\" frameborder=\"0\" allow=\"accelerometer; autoplay; clipboard-write; encrypted-media; gyroscope; picture-in-picture; web-share\" referrerpolicy=\"strict-origin-when-cross-origin\" allowfullscreen><\/iframe>\n<\/div><\/figure>\n\n\n            <\/div>\n          <\/div>\n\n        <!--<\/div>-->\n      <\/div>\n  <\/div>\n      <img decoding=\"async\" class=\"wp-block-image-background has-object-fit-cover\" src=\"https:\/\/celebrateindigenous.ca\/wp-content\/uploads\/2022\/10\/topographic-line-v3.png\" alt=\"\"\/>\n  <\/div>\n\n\n<div  data-blockid=\"block_14e60cdc8abcedc5ceb0e5ff64ba1a6d\" class=\"section-block acf-wp-block acf-wp-block-parent-container acf-wp-block-section-group is-frontend-view has-spacing pt-small pb-small    \">\n\n  <div class=\"inner-container\">\n      <div class=\"has-innerblocks\">\n        <!--<div class=\"panel-spacing \">-->\n          <div class=\"o-container is-container-justification-center \">\n            <div class=\"innerblocks-wrapper\" style=\"--wp--custom--blocks--section-group--inner-container-width:100%; \">\n              \n\n<div class=\"wp-block-columns is-layout-flex wp-container-core-columns-is-layout-315e0bc2 wp-block-columns-is-layout-flex\" style=\"padding-top:20px;padding-right:0px;padding-bottom:0px;padding-left:0px\">\n<div class=\"wp-block-column is-layout-flow wp-block-column-is-layout-flow\" style=\"flex-basis:70%\">\n<p><strong>Au sujet de la vid\u00e9o&nbsp;: Les Inuits au Qu\u00e9bec et le programme Good Touch\/Bad Touch<\/strong><\/p>\n\n\n\n<p>Il y a&nbsp;<a href=\"https:\/\/www.itk.ca\/about-canadian-inuit\/\">quatre&nbsp;r\u00e9gions inuites au Canada<\/a>&nbsp;(site en anglais), aussi connues sous le nom de \u00ab&nbsp;Inuit Nunangat&nbsp;\u00bb&nbsp;:<\/p>\n\n\n\n<ul class=\"wp-block-list\">\n<li>R\u00e9gion d\u00e9sign\u00e9e des Inuvialuit, dans les Territoires du Nord-Ouest<\/li>\n\n\n\n<li>Nunavut<\/li>\n\n\n\n<li>Nunavik, dans le nord du Qu\u00e9bec<\/li>\n\n\n\n<li>Nunatsiavut, au Labrador<\/li>\n<\/ul>\n\n\n\n<p>Environ 11&nbsp;000&nbsp;Inuits vivent dans 14&nbsp;communaut\u00e9s du Nunavik, qui se trouve sur la c\u00f4te est de la baie d\u2019Hudson et du d\u00e9troit d\u2019Hudson. Kuujjuaq est la plus grande communaut\u00e9 de la r\u00e9gion, avec une population d\u2019environ 1&nbsp;800&nbsp;habitants.<\/p>\n\n\n\n<figure class=\"wp-block-image size-full\"><img loading=\"lazy\" decoding=\"async\" width=\"930\" height=\"535\" src=\"https:\/\/celebrateindigenous.ca\/wp-content\/uploads\/2022\/11\/Lizzie.jpg\" alt=\"\" class=\"wp-image-994\" srcset=\"https:\/\/celebrateindigenous.ca\/wp-content\/uploads\/2022\/11\/Lizzie.jpg 930w, https:\/\/celebrateindigenous.ca\/wp-content\/uploads\/2022\/11\/Lizzie-300x173.jpg 300w, https:\/\/celebrateindigenous.ca\/wp-content\/uploads\/2022\/11\/Lizzie-768x442.jpg 768w, https:\/\/celebrateindigenous.ca\/wp-content\/uploads\/2022\/11\/Lizzie-800x460.jpg 800w, https:\/\/celebrateindigenous.ca\/wp-content\/uploads\/2022\/11\/Lizzie-869x500.jpg 869w, https:\/\/celebrateindigenous.ca\/wp-content\/uploads\/2022\/11\/Lizzie-608x350.jpg 608w\" sizes=\"auto, (max-width: 930px) 100vw, 930px\" \/><\/figure>\n\n\n\n<p>Le programme&nbsp;<a href=\"https:\/\/nrbhss.ca\/fr\/directions\/sant%C3%A9-publique\/programme-good-touch-bad-touch\">Good Touch\/Bad Touch<\/a>, qui a tout d\u2019abord \u00e9t\u00e9 lanc\u00e9 comme&nbsp;<a href=\"http:\/\/nunatsiaq.com\/stories\/article\/65674nunavik_tackles_child_sexual_abuse_with_new_pilot_project\">projet pilote en 2012<\/a>&nbsp;(site en anglais) en r\u00e9ponse au taux \u00e9lev\u00e9 d\u2019exploitation sexuelle d\u2019enfants dans la r\u00e9gion. Il montre aux enfants des fa\u00e7ons appropri\u00e9es pour leur \u00e2ge afin qu\u2019ils puissent parler plus facilement de l\u2019abus. Le programme a aussi pour but d\u2019aider les adultes \u00e0 parler de ce sujet d\u00e9licat. La&nbsp;<a href=\"http:\/\/nunatsiaq.com\/stories\/article\/65674nunavik_tackles_child_sexual_abuse_with_new_pilot_project\">r\u00e9ussite du projet pilote a \u00e9t\u00e9 remarquable<\/a>&nbsp;(site en anglais) et il est donc devenu un programme permanent. Il compte des animateurs, comme Lizzie, qui se prom\u00e8nent dans l\u2019ensemble du Nunavik pour pr\u00e9senter des ateliers et des discussions.<\/p>\n\n\n\n<p>Apprenez-en davantage sur la culture inuite sur&nbsp;<a href=\"http:\/\/elleestautochtone.ca\/ressources\/\">notre page de ressources<\/a>.<\/p>\n\n\n\n<p>Partagez leurs histoires. Parlez de la v\u00f4tre. C\u00e9l\u00e9brez les femmes autochtones que vous connaissez en utilisant le mot-di\u00e8se&nbsp; #Arr\u00eaterLaViolenceAvecRespect<\/p>\n<\/div>\n\n\n\n<div class=\"wp-block-column is-layout-flow wp-block-column-is-layout-flow\">\n<figure class=\"wp-block-image aligncenter size-full\"><a href=\"https:\/\/www.google.ca\/maps\/place\/Kuujjuaq,+QC\/@58.1450059,-68.5204434,11z\/data=!3m1!4b1!4m5!3m4!1s0x4c48d72cf73da94f:0x97a3aaf7d1984e1e!8m2!3d58.102996!4d-68.418839\" target=\"_blank\" rel=\"noreferrer noopener\"><img loading=\"lazy\" decoding=\"async\" width=\"200\" height=\"200\" src=\"https:\/\/celebrateindigenous.ca\/wp-content\/uploads\/2022\/11\/kujjuaq.png\" alt=\"\" class=\"wp-image-982\" srcset=\"https:\/\/celebrateindigenous.ca\/wp-content\/uploads\/2022\/11\/kujjuaq.png 200w, https:\/\/celebrateindigenous.ca\/wp-content\/uploads\/2022\/11\/kujjuaq-150x150.png 150w\" sizes=\"auto, (max-width: 200px) 100vw, 200px\" \/><\/a><\/figure>\n<\/div>\n<\/div>\n\n\n            <\/div>\n          <\/div>\n\n        <!--<\/div>-->\n      <\/div>\n  <\/div>\n  <\/div>\n","protected":false},"excerpt":{"rendered":"","protected":false},"featured_media":849,"template":"","campaign":[21],"class_list":["post-1101","story","type-story","status-publish","has-post-thumbnail","hentry","campaign-she-is-indigenous-fr"],"acf":[],"yoast_head":"<!-- This site is optimized with the Yoast SEO plugin v27.5 - https:\/\/yoast.com\/product\/yoast-seo-wordpress\/ -->\n<title>Lizzie | Celebrate Indigenous Strengths<\/title>\n<meta name=\"robots\" content=\"index, follow, max-snippet:-1, max-image-preview:large, max-video-preview:-1\" \/>\n<link rel=\"canonical\" href=\"https:\/\/celebrateindigenous.ca\/fr\/story\/lizzie\/\" \/>\n<meta property=\"og:locale\" content=\"fr_FR\" \/>\n<meta property=\"og:type\" content=\"article\" \/>\n<meta property=\"og:title\" content=\"Lizzie | Celebrate Indigenous Strengths\" \/>\n<meta property=\"og:url\" content=\"https:\/\/celebrateindigenous.ca\/fr\/story\/lizzie\/\" \/>\n<meta property=\"og:site_name\" content=\"Celebrate Indigenous Strengths\" \/>\n<meta property=\"article:modified_time\" content=\"2023-02-04T16:47:04+00:00\" \/>\n<meta property=\"og:image\" content=\"https:\/\/celebrateindigenous.ca\/wp-content\/uploads\/2022\/10\/LFMO-Lizzy-Sheila.jpg\" \/>\n\t<meta property=\"og:image:width\" content=\"800\" \/>\n\t<meta property=\"og:image:height\" content=\"800\" \/>\n\t<meta property=\"og:image:type\" content=\"image\/jpeg\" \/>\n<meta name=\"twitter:card\" content=\"summary_large_image\" \/>\n<meta name=\"twitter:label1\" content=\"Dur\u00e9e de lecture estim\u00e9e\" \/>\n\t<meta name=\"twitter:data1\" content=\"2 minutes\" \/>\n<script type=\"application\/ld+json\" class=\"yoast-schema-graph\">{\"@context\":\"https:\\\/\\\/schema.org\",\"@graph\":[{\"@type\":\"WebPage\",\"@id\":\"https:\\\/\\\/celebrateindigenous.ca\\\/fr\\\/story\\\/lizzie\\\/\",\"url\":\"https:\\\/\\\/celebrateindigenous.ca\\\/fr\\\/story\\\/lizzie\\\/\",\"name\":\"Lizzie | Celebrate Indigenous Strengths\",\"isPartOf\":{\"@id\":\"https:\\\/\\\/celebrateindigenous.ca\\\/#website\"},\"primaryImageOfPage\":{\"@id\":\"https:\\\/\\\/celebrateindigenous.ca\\\/fr\\\/story\\\/lizzie\\\/#primaryimage\"},\"image\":{\"@id\":\"https:\\\/\\\/celebrateindigenous.ca\\\/fr\\\/story\\\/lizzie\\\/#primaryimage\"},\"thumbnailUrl\":\"https:\\\/\\\/celebrateindigenous.ca\\\/wp-content\\\/uploads\\\/2022\\\/10\\\/LFMO-Lizzy-Sheila.jpg\",\"datePublished\":\"2022-11-01T16:48:34+00:00\",\"dateModified\":\"2023-02-04T16:47:04+00:00\",\"breadcrumb\":{\"@id\":\"https:\\\/\\\/celebrateindigenous.ca\\\/fr\\\/story\\\/lizzie\\\/#breadcrumb\"},\"inLanguage\":\"fr-FR\",\"potentialAction\":[{\"@type\":\"ReadAction\",\"target\":[\"https:\\\/\\\/celebrateindigenous.ca\\\/fr\\\/story\\\/lizzie\\\/\"]}]},{\"@type\":\"ImageObject\",\"inLanguage\":\"fr-FR\",\"@id\":\"https:\\\/\\\/celebrateindigenous.ca\\\/fr\\\/story\\\/lizzie\\\/#primaryimage\",\"url\":\"https:\\\/\\\/celebrateindigenous.ca\\\/wp-content\\\/uploads\\\/2022\\\/10\\\/LFMO-Lizzy-Sheila.jpg\",\"contentUrl\":\"https:\\\/\\\/celebrateindigenous.ca\\\/wp-content\\\/uploads\\\/2022\\\/10\\\/LFMO-Lizzy-Sheila.jpg\",\"width\":800,\"height\":800},{\"@type\":\"BreadcrumbList\",\"@id\":\"https:\\\/\\\/celebrateindigenous.ca\\\/fr\\\/story\\\/lizzie\\\/#breadcrumb\",\"itemListElement\":[{\"@type\":\"ListItem\",\"position\":1,\"name\":\"Home\",\"item\":\"https:\\\/\\\/celebrateindigenous.ca\\\/fr\\\/home\\\/\"},{\"@type\":\"ListItem\",\"position\":2,\"name\":\"Stories\",\"item\":\"https:\\\/\\\/celebrateindigenous.ca\\\/story\\\/\"},{\"@type\":\"ListItem\",\"position\":3,\"name\":\"Lizzie\"}]},{\"@type\":\"WebSite\",\"@id\":\"https:\\\/\\\/celebrateindigenous.ca\\\/#website\",\"url\":\"https:\\\/\\\/celebrateindigenous.ca\\\/\",\"name\":\"Celebrate Indigenous Strengths\",\"description\":\"Strengths-Based Indigenous campaigns by Les Femmes Michif Otipemisiwak\",\"potentialAction\":[{\"@type\":\"SearchAction\",\"target\":{\"@type\":\"EntryPoint\",\"urlTemplate\":\"https:\\\/\\\/celebrateindigenous.ca\\\/?s={search_term_string}\"},\"query-input\":{\"@type\":\"PropertyValueSpecification\",\"valueRequired\":true,\"valueName\":\"search_term_string\"}}],\"inLanguage\":\"fr-FR\"}]}<\/script>\n<!-- \/ Yoast SEO plugin. -->","yoast_head_json":{"title":"Lizzie | Celebrate Indigenous Strengths","robots":{"index":"index","follow":"follow","max-snippet":"max-snippet:-1","max-image-preview":"max-image-preview:large","max-video-preview":"max-video-preview:-1"},"canonical":"https:\/\/celebrateindigenous.ca\/fr\/story\/lizzie\/","og_locale":"fr_FR","og_type":"article","og_title":"Lizzie | Celebrate Indigenous Strengths","og_url":"https:\/\/celebrateindigenous.ca\/fr\/story\/lizzie\/","og_site_name":"Celebrate Indigenous Strengths","article_modified_time":"2023-02-04T16:47:04+00:00","og_image":[{"width":800,"height":800,"url":"https:\/\/celebrateindigenous.ca\/wp-content\/uploads\/2022\/10\/LFMO-Lizzy-Sheila.jpg","type":"image\/jpeg"}],"twitter_card":"summary_large_image","twitter_misc":{"Dur\u00e9e de lecture estim\u00e9e":"2 minutes"},"schema":{"@context":"https:\/\/schema.org","@graph":[{"@type":"WebPage","@id":"https:\/\/celebrateindigenous.ca\/fr\/story\/lizzie\/","url":"https:\/\/celebrateindigenous.ca\/fr\/story\/lizzie\/","name":"Lizzie | Celebrate Indigenous Strengths","isPartOf":{"@id":"https:\/\/celebrateindigenous.ca\/#website"},"primaryImageOfPage":{"@id":"https:\/\/celebrateindigenous.ca\/fr\/story\/lizzie\/#primaryimage"},"image":{"@id":"https:\/\/celebrateindigenous.ca\/fr\/story\/lizzie\/#primaryimage"},"thumbnailUrl":"https:\/\/celebrateindigenous.ca\/wp-content\/uploads\/2022\/10\/LFMO-Lizzy-Sheila.jpg","datePublished":"2022-11-01T16:48:34+00:00","dateModified":"2023-02-04T16:47:04+00:00","breadcrumb":{"@id":"https:\/\/celebrateindigenous.ca\/fr\/story\/lizzie\/#breadcrumb"},"inLanguage":"fr-FR","potentialAction":[{"@type":"ReadAction","target":["https:\/\/celebrateindigenous.ca\/fr\/story\/lizzie\/"]}]},{"@type":"ImageObject","inLanguage":"fr-FR","@id":"https:\/\/celebrateindigenous.ca\/fr\/story\/lizzie\/#primaryimage","url":"https:\/\/celebrateindigenous.ca\/wp-content\/uploads\/2022\/10\/LFMO-Lizzy-Sheila.jpg","contentUrl":"https:\/\/celebrateindigenous.ca\/wp-content\/uploads\/2022\/10\/LFMO-Lizzy-Sheila.jpg","width":800,"height":800},{"@type":"BreadcrumbList","@id":"https:\/\/celebrateindigenous.ca\/fr\/story\/lizzie\/#breadcrumb","itemListElement":[{"@type":"ListItem","position":1,"name":"Home","item":"https:\/\/celebrateindigenous.ca\/fr\/home\/"},{"@type":"ListItem","position":2,"name":"Stories","item":"https:\/\/celebrateindigenous.ca\/story\/"},{"@type":"ListItem","position":3,"name":"Lizzie"}]},{"@type":"WebSite","@id":"https:\/\/celebrateindigenous.ca\/#website","url":"https:\/\/celebrateindigenous.ca\/","name":"Celebrate Indigenous Strengths","description":"Strengths-Based Indigenous campaigns by Les Femmes Michif Otipemisiwak","potentialAction":[{"@type":"SearchAction","target":{"@type":"EntryPoint","urlTemplate":"https:\/\/celebrateindigenous.ca\/?s={search_term_string}"},"query-input":{"@type":"PropertyValueSpecification","valueRequired":true,"valueName":"search_term_string"}}],"inLanguage":"fr-FR"}]}},"_links":{"self":[{"href":"https:\/\/celebrateindigenous.ca\/fr\/wp-json\/wp\/v2\/story\/1101","targetHints":{"allow":["GET"]}}],"collection":[{"href":"https:\/\/celebrateindigenous.ca\/fr\/wp-json\/wp\/v2\/story"}],"about":[{"href":"https:\/\/celebrateindigenous.ca\/fr\/wp-json\/wp\/v2\/types\/story"}],"wp:featuredmedia":[{"embeddable":true,"href":"https:\/\/celebrateindigenous.ca\/fr\/wp-json\/wp\/v2\/media\/849"}],"wp:attachment":[{"href":"https:\/\/celebrateindigenous.ca\/fr\/wp-json\/wp\/v2\/media?parent=1101"}],"wp:term":[{"taxonomy":"campaign","embeddable":true,"href":"https:\/\/celebrateindigenous.ca\/fr\/wp-json\/wp\/v2\/campaign?post=1101"}],"curies":[{"name":"wp","href":"https:\/\/api.w.org\/{rel}","templated":true}]}}